{"id":6,"date":"2024-02-28T21:11:04","date_gmt":"2024-02-28T21:11:04","guid":{"rendered":"https:\/\/raizez.com\/?p=6"},"modified":"2024-07-12T15:44:28","modified_gmt":"2024-07-12T15:44:28","slug":"el-poder-de-nuestros-pensamientos-positivos","status":"publish","type":"post","link":"https:\/\/raizez.com\/index.php\/2024\/02\/28\/el-poder-de-nuestros-pensamientos-positivos\/","title":{"rendered":"El poder de nuestros pensamientos positivos"},"content":{"rendered":"\n<h2 class=\"wp-block-heading\">Como activar nuestros pensamientos positivos en vibraciones, que nuestro cerebro es capaz de desarrollar.<\/h2>\n\n\n<div class=\"wp-block-image\">\n<figure class=\"aligncenter size-full is-resized\"><img loading=\"lazy\" decoding=\"async\" width=\"600\" height=\"601\" src=\"http:\/\/raizez.com\/wp-content\/uploads\/2024\/02\/arbol-cerebro.jpg\" alt=\"\" class=\"wp-image-8\" style=\"width:250px\"\/><\/figure><\/div>\n\n\n<p>Al cabo de 17 segundos de permanecer centrado en un pensamiento , se activa una vibraci\u00f3n que se imanta con ese pensamiento. A medida que tu concentraci\u00f3n se haga m\u00e1s intensa y la vibraci\u00f3n m\u00e1s clara, la Ley de Atracci\u00f3n te aportar\u00e1 otros pensamientos positivos que coincidir\u00e1n con la cuesti\u00f3n en la que est\u00e1s concentrado. <\/p>\n\n\n\n<p>En este punto, la vibraci\u00f3n no tiene un gran poder de atracci\u00f3n, pero si permaneces concentrado m\u00e1s tiempo, el poder de la vibraci\u00f3n se har\u00e1 m\u00e1s potente. Y si consigues permanecer concentrado en un pensamiento durante tan s\u00f3lo 68 segundos, la vibraci\u00f3n ser\u00e1 lo suficientemente intensa para que empiece a manifestarse.<\/p>\n\n\n\n<p>Recuerda que:<\/p>\n\n\n\n<ul class=\"wp-block-list\">\n<li>Los pensamientos en los que te centras equivalen a tu punto de atracci\u00f3n.<\/li>\n\n\n\n<li>Obtienes aquello en lo que piensas, te guste o no.<\/li>\n\n\n\n<li>Tus pensamientos equivalen a vibraciones y la Ley de Atracci\u00f3n responde a esas vibraciones.<\/li>\n\n\n\n<li>A medida que tu vibraci\u00f3n se expande y se hace m\u00e1s poderosa, acaba si\u00e9ndolo lo suficiente para que se manifieste.<\/li>\n\n\n\n<li>Dicho de otro modo, lo que piensas (y por tanto sientes) y lo que se manifiesta en tu experiencia coinciden siempre a nivel vibratorio.<\/li>\n<\/ul>\n\n\n\n<p>No debes temer tus pensamientos incontrolados.<\/p>\n\n\n\n<p>&nbsp;Extracto del Libro Pide y se te dar\u00e1 de Abraham-Hicks<\/p>\n\n\n\n<p>En mi experiencia eh manifestado pensamientos positivos que se convierten en acciones cumplidas, saber pedir esa es la clave generar desde nuestro interno solo pensamientos y sentimientos loables tienen su recompensa, no pierdes nada, int\u00e9ntalo con f\u00e9 y como dicen pide y se te dar\u00e1!.<\/p>\n\n\n\n<p>Les comento que este es mi primer art\u00edculo publicado en abril del 2013, despu\u00e9s de que en mi mente circulaban y se generaban miles de temas de mi particular inter\u00e9s por desarrollar y no sabia \u00a0por donde comenzar, pero al final aqu\u00ed estamos en este espacio \u00edntimo y virtual. Aprendiendo mucho. <\/p>\n\n\n\n<p>RAIZEZ es un proyecto que tenia en mi mente desde hace muchos a\u00f1os, y por situaciones\/pensamientos generados y atra\u00eddos me llego la oportunidad en el momento que as\u00ed tenia que ser.\u00a0Publicar\u00e9 temas\u00a0que me apasionan y como t\u00fa que estas del otro lado del monitor o celular compartiremos conocimientos en pro de nuestro crecimiento como seres humanos.<\/p>\n\n\n\n<p><em>Ten Paciencia, Constancia y Valor.\u00a0<\/em> <em>Si te gusto este Articulo deja un comentario!!\u00a0<\/em><\/p>\n\n\n\n<p><em>Hasta pronto, tu amiga\u00a0Susana L\u00f3pez<\/em><\/p>\n\n\n\n<figure class=\"wp-block-image size-full is-resized is-style-rounded\"><a href=\"https:\/\/about.me\/SusanaLopezz?fbclid=IwZXh0bgNhZW0CMTAAAR0pSKR7Lps_T2l41IqvOeckgRhe350sjme8GZE9oADFcdK5LGNJtaNO67U_aem_ZmFrZWR1bW15MTZieXRlcw\" target=\"_blank\" rel=\"noreferrer noopener\"><img loading=\"lazy\" decoding=\"async\" width=\"500\" height=\"500\" src=\"http:\/\/raizez.com\/wp-content\/uploads\/2024\/02\/2.png\" alt=\"\" class=\"wp-image-19\" style=\"width:150px\"\/><\/a><\/figure>\n","protected":false},"excerpt":{"rendered":"<p>Como activar nuestros pensamientos positivos en vibraciones, que nuestro cerebro es capaz de desarrollar. Al cabo de 17 segundos de&hellip;<\/p>\n","protected":false},"author":2,"featured_media":137,"comment_status":"open","ping_status":"open","sticky":false,"template":"","format":"standard","meta":{"footnotes":""},"categories":[3,4],"tags":[5,7,6],"class_list":["post-6","post","type-post","status-publish","format-standard","has-post-thumbnail","hentry","category-bienestar","category-salud","tag-bienestar","tag-desarrollo-personal","tag-serenidad"],"aioseo_notices":[],"_links":{"self":[{"href":"https:\/\/raizez.com\/index.php\/wp-json\/wp\/v2\/posts\/6","targetHints":{"allow":["GET"]}}],"collection":[{"href":"https:\/\/raizez.com\/index.php\/wp-json\/wp\/v2\/posts"}],"about":[{"href":"https:\/\/raizez.com\/index.php\/wp-json\/wp\/v2\/types\/post"}],"author":[{"embeddable":true,"href":"https:\/\/raizez.com\/index.php\/wp-json\/wp\/v2\/users\/2"}],"replies":[{"embeddable":true,"href":"https:\/\/raizez.com\/index.php\/wp-json\/wp\/v2\/comments?post=6"}],"version-history":[{"count":3,"href":"https:\/\/raizez.com\/index.php\/wp-json\/wp\/v2\/posts\/6\/revisions"}],"predecessor-version":[{"id":141,"href":"https:\/\/raizez.com\/index.php\/wp-json\/wp\/v2\/posts\/6\/revisions\/141"}],"wp:featuredmedia":[{"embeddable":true,"href":"https:\/\/raizez.com\/index.php\/wp-json\/wp\/v2\/media\/137"}],"wp:attachment":[{"href":"https:\/\/raizez.com\/index.php\/wp-json\/wp\/v2\/media?parent=6"}],"wp:term":[{"taxonomy":"category","embeddable":true,"href":"https:\/\/raizez.com\/index.php\/wp-json\/wp\/v2\/categories?post=6"},{"taxonomy":"post_tag","embeddable":true,"href":"https:\/\/raizez.com\/index.php\/wp-json\/wp\/v2\/tags?post=6"}],"curies":[{"name":"wp","href":"https:\/\/api.w.org\/{rel}","templated":true}]}}